{"id":349,"date":"2021-11-18T20:06:50","date_gmt":"2021-11-18T19:06:50","guid":{"rendered":"http:\/\/bengeorges.net\/?p=349"},"modified":"2022-12-27T19:47:25","modified_gmt":"2022-12-27T18:47:25","slug":"enquete-la-seconde-chance-dintel","status":"publish","type":"post","link":"https:\/\/bengeorges.net\/index.php\/2021\/11\/18\/enquete-la-seconde-chance-dintel\/","title":{"rendered":"Enqu\u00eate : la seconde chance d&#8217;Intel"},"content":{"rendered":"\n<p>Apr\u00e8s Apple, Intel : le g\u00e9ant am\u00e9ricain des puces m&#8217;a valu pour la seconde fois la une du magazine &#8220;Les Echos week-end&#8221;. Dans <a href=\"https:\/\/www.lesechos.fr\/weekend\/business-story\/comment-intel-veut-revenir-dans-la-bataille-des-semi-conducteurs-1364860\">un article de sept pages<\/a>,  je raconte comment Intel, inventeur du premier microprocesseur il y a plus de cinquante ans, est en train de perdre sa supr\u00e9matie face au ta\u00efwanais TSMC et au cor\u00e9en Samsung. L&#8217;arriv\u00e9e d&#8217;un nouveau PDG, Pat Gelsinger, suffira-t-elle \u00e0 inverser la tendance ?<\/p>\n\n\n\n<figure class=\"wp-block-image size-large\"><img decoding=\"async\" loading=\"lazy\" width=\"1024\" height=\"1017\" src=\"http:\/\/bengeorges.net\/wp-content\/uploads\/2021\/12\/Une-Intel-1024x1017.jpg\" alt=\"\" class=\"wp-image-353\" srcset=\"https:\/\/bengeorges.net\/wp-content\/uploads\/2021\/12\/Une-Intel-1024x1017.jpg 1024w, https:\/\/bengeorges.net\/wp-content\/uploads\/2021\/12\/Une-Intel-300x298.jpg 300w, https:\/\/bengeorges.net\/wp-content\/uploads\/2021\/12\/Une-Intel-150x150.jpg 150w, https:\/\/bengeorges.net\/wp-content\/uploads\/2021\/12\/Une-Intel-768x762.jpg 768w, https:\/\/bengeorges.net\/wp-content\/uploads\/2021\/12\/Une-Intel-1536x1525.jpg 1536w, https:\/\/bengeorges.net\/wp-content\/uploads\/2021\/12\/Une-Intel-100x100.jpg 100w, https:\/\/bengeorges.net\/wp-content\/uploads\/2021\/12\/Une-Intel.jpg 1646w\" sizes=\"(max-width: 767px) 89vw, (max-width: 1000px) 54vw, (max-width: 1071px) 543px, 580px\" \/><\/figure>\n\n\n\n<figure class=\"wp-block-image size-large\"><img decoding=\"async\" loading=\"lazy\" width=\"1024\" height=\"993\" src=\"http:\/\/bengeorges.net\/wp-content\/uploads\/2021\/12\/Ouverture-Intel--1024x993.jpg\" alt=\"\" class=\"wp-image-355\" srcset=\"https:\/\/bengeorges.net\/wp-content\/uploads\/2021\/12\/Ouverture-Intel--1024x993.jpg 1024w, https:\/\/bengeorges.net\/wp-content\/uploads\/2021\/12\/Ouverture-Intel--300x291.jpg 300w, https:\/\/bengeorges.net\/wp-content\/uploads\/2021\/12\/Ouverture-Intel--768x745.jpg 768w, https:\/\/bengeorges.net\/wp-content\/uploads\/2021\/12\/Ouverture-Intel--1536x1489.jpg 1536w, https:\/\/bengeorges.net\/wp-content\/uploads\/2021\/12\/Ouverture-Intel-.jpg 1646w\" sizes=\"(max-width: 767px) 89vw, (max-width: 1000px) 54vw, (max-width: 1071px) 543px, 580px\" \/><\/figure>\n\n\n\n<p>En bonus de l&#8217;article, mon enqu\u00eate sur Intel s&#8217;est accompagn\u00e9e d&#8217;une <a href=\"https:\/\/www.lesechos.fr\/weekend\/business-story\/pat-gelsinger-intel-la-chaine-dapprovisionnement-en-semi-conducteurs-doit-etre-plus-diversifiee-1364890\">interview exclusive du PDG, Pat Gelsinger<\/a>, \u00e0 lire sur Lesechos.fr, et d&#8217;un <a href=\"https:\/\/www.lesechos.fr\/tech-medias\/hightech\/intel-reconquerir-le-leadership-des-puces-1366299\">num\u00e9ro sp\u00e9cial de &#8220;La Story&#8221;<\/a>, le podcast de la r\u00e9daction des Echos pr\u00e9sent\u00e9 par Pierrick Fay.<\/p>\n","protected":false},"excerpt":{"rendered":"<p>Apr\u00e8s Apple, Intel : le g\u00e9ant am\u00e9ricain des puces m&#8217;a valu pour la seconde fois la une du magazine &#8220;Les Echos week-end&#8221;. Dans un article de sept pages, je raconte comment Intel, inventeur du premier microprocesseur il y a plus de cinquante ans, est en train de perdre sa supr\u00e9matie face au ta\u00efwanais TSMC et &hellip; <\/p>\n<p class=\"link-more\"><a href=\"https:\/\/bengeorges.net\/index.php\/2021\/11\/18\/enquete-la-seconde-chance-dintel\/\" class=\"more-link\">Continue reading<span class=\"screen-reader-text\"> &#8220;Enqu\u00eate : la seconde chance d&#8217;Intel&#8221;<\/span><\/a><\/p>\n","protected":false},"author":1,"featured_media":0,"comment_status":"closed","ping_status":"closed","sticky":false,"template":"","format":"standard","meta":[],"categories":[5,6],"tags":[96,99,97,100],"_links":{"self":[{"href":"https:\/\/bengeorges.net\/index.php\/wp-json\/wp\/v2\/posts\/349"}],"collection":[{"href":"https:\/\/bengeorges.net\/index.php\/wp-json\/wp\/v2\/posts"}],"about":[{"href":"https:\/\/bengeorges.net\/index.php\/wp-json\/wp\/v2\/types\/post"}],"author":[{"embeddable":true,"href":"https:\/\/bengeorges.net\/index.php\/wp-json\/wp\/v2\/users\/1"}],"replies":[{"embeddable":true,"href":"https:\/\/bengeorges.net\/index.php\/wp-json\/wp\/v2\/comments?post=349"}],"version-history":[{"count":6,"href":"https:\/\/bengeorges.net\/index.php\/wp-json\/wp\/v2\/posts\/349\/revisions"}],"predecessor-version":[{"id":357,"href":"https:\/\/bengeorges.net\/index.php\/wp-json\/wp\/v2\/posts\/349\/revisions\/357"}],"wp:attachment":[{"href":"https:\/\/bengeorges.net\/index.php\/wp-json\/wp\/v2\/media?parent=349"}],"wp:term":[{"taxonomy":"category","embeddable":true,"href":"https:\/\/bengeorges.net\/index.php\/wp-json\/wp\/v2\/categories?post=349"},{"taxonomy":"post_tag","embeddable":true,"href":"https:\/\/bengeorges.net\/index.php\/wp-json\/wp\/v2\/tags?post=349"}],"curies":[{"name":"wp","href":"https:\/\/api.w.org\/{rel}","templated":true}]}}